{"id":5733,"date":"2018-01-16T20:29:06","date_gmt":"2018-01-16T19:29:06","guid":{"rendered":"http:\/\/www.losloquitos.com\/v3\/?p=5733"},"modified":"2025-07-16T14:29:20","modified_gmt":"2025-07-16T12:29:20","slug":"stage-soiree-dady-manuella-21-22-novembre-2015","status":"publish","type":"post","link":"https:\/\/www.losloquitos.com\/v3\/stage-soiree-dady-manuella-21-22-novembre-2015\/","title":{"rendered":"Stage et soir\u00e9e avec Dady et Manuela &#8211; 20 &#038; 21 janvier 2018"},"content":{"rendered":"<p>&nbsp;<\/p>\n<p><a href=\"http:\/\/www.losloquitos.com\/v3\/wp-content\/uploads\/2017\/12\/dady_manuela_3-1.jpg\"><img loading=\"lazy\" decoding=\"async\" class=\"wp-image-5281 alignleft\" src=\"http:\/\/www.losloquitos.com\/v3\/wp-content\/uploads\/2017\/12\/dady_manuela_3-1.jpg\" alt=\"ramark4\" width=\"300\" height=\"350\" \/><\/a><\/p>\n<p style=\"text-align: justify;\">Pour son deuxi\u00e8me stage de la saison 2017-2018, Los Loquitos de la Salsa a l&rsquo;honneur d&rsquo;inviter Dady et Manuela. Le stage se d\u00e9roulera \u00e0 Rennes les 20 et 21 janvier 2018.<\/p>\n<p style=\"text-align: justify;\">Leur pr\u00e9sence sur tout un week-end pour plusieurs stages est assez rare. Il ne faudra pas manquer cette occasion.<\/p>\n<p style=\"text-align: left;\">Des stages, un show, une soir\u00e9e et un apr\u00e8s-midi dansant sont au programme.<\/p>\n<p><a href=\"http:\/\/www.losloquitos.com\/v3\/wp-content\/uploads\/2017\/12\/dady_manuela_2.jpg\"><img loading=\"lazy\" decoding=\"async\" class=\"wp-image-5281 alignright\" src=\"http:\/\/www.losloquitos.com\/v3\/wp-content\/uploads\/2017\/12\/dady_manuela_2.jpg\" alt=\"ramark4\" width=\"200\" height=\"248\" \/><\/a><\/p>\n<p><a href=\"http:\/\/www.losloquitos.com\/v3\/wp-content\/uploads\/2017\/12\/dady_manuela_1.jpg\"><img loading=\"lazy\" decoding=\"async\" class=\"wp-image-5281 alignleft\" src=\"http:\/\/www.losloquitos.com\/v3\/wp-content\/uploads\/2017\/12\/dady_manuela_1.jpg\" alt=\"ramark4\" width=\"200\" height=\"248\" \/><\/a><\/p>\n<p style=\"text-align: justify;\">Au programme 6 stages, r\u00e9partis sur les journ\u00e9es du samedi et du dimanche, une grande soir\u00e9e avec un show de nos intervenants le samedi soir ainsi qu&rsquo;un apr\u00e8s-midi dansant gratuit le dimanche.<\/p>\n<p style=\"text-align: justify;\">L&rsquo;ensemble de ce programme se d\u00e9roule \u00e0 la <a title=\"Nous contacter\" href=\"http:\/\/www.losloquitos.com\/v3\/nous-contacter\/\">MJC du Grand Cordel, 18, rue des Plantes \u00e0 RENNES<\/a><\/p>\n<h3>Dady &amp; Manuela (Biographie)<\/h3>\n<p style=\"text-align: justify;\">Forts d\u2019exp\u00e9riences dans le milieu de la danse et partageant les m\u00eames convictions dans leur partenariat depuis 5 ans, Dady et Manuela d\u00e9cident de passer \u00e0 l\u2019\u00e9tape suivante en ouvrant une \u00e9cole de Danse avec un grand \u00ab D \u00bb qui\u00a0est un centre de d\u00e9couvertes de rencontres et de partages : Art Is Live Studio.<\/p>\n<p style=\"text-align: justify;\">Un projet qui na\u00eet d\u2019un r\u00eave commun et qui se concr\u00e9tise, gr\u00e2ce \u00e0 leur pers\u00e9v\u00e9rance et leur passion que l\u2019on ressent autant dans leur valeurs que dans leurs savoirs faire.<br \/>\nCette \u00e9cole viendra compl\u00e9ter leur activit\u00e9 de danseurs professionnels qu\u2019ils continueront de plus belle sur les sc\u00e8nes.<\/p>\n<div id='gallery-1' class='gallery galleryid-5733 gallery-columns-2 gallery-size-thumbnail'><figure class='gallery-item'>\n\t\t\t<div class='gallery-icon landscape'>\n\t\t\t\t<a href='https:\/\/www.losloquitos.com\/v3\/manuela\/'><img loading=\"lazy\" decoding=\"async\" width=\"150\" height=\"150\" src=\"https:\/\/www.losloquitos.com\/v3\/wp-content\/uploads\/2015\/10\/Manuela-150x150.jpg\" class=\"attachment-thumbnail size-thumbnail\" alt=\"\" srcset=\"https:\/\/www.losloquitos.com\/v3\/wp-content\/uploads\/2015\/10\/Manuela-150x150.jpg 150w, https:\/\/www.losloquitos.com\/v3\/wp-content\/uploads\/2015\/10\/Manuela-90x90.jpg 90w\" sizes=\"auto, (max-width: 150px) 100vw, 150px\" \/><\/a>\n\t\t\t<\/div><\/figure><figure class='gallery-item'>\n\t\t\t<div class='gallery-icon landscape'>\n\t\t\t\t<a href='https:\/\/www.losloquitos.com\/v3\/dady\/'><img loading=\"lazy\" decoding=\"async\" width=\"150\" height=\"150\" src=\"https:\/\/www.losloquitos.com\/v3\/wp-content\/uploads\/2015\/10\/Dady-150x150.jpg\" class=\"attachment-thumbnail size-thumbnail\" alt=\"\" srcset=\"https:\/\/www.losloquitos.com\/v3\/wp-content\/uploads\/2015\/10\/Dady-150x150.jpg 150w, https:\/\/www.losloquitos.com\/v3\/wp-content\/uploads\/2015\/10\/Dady-90x90.jpg 90w\" sizes=\"auto, (max-width: 150px) 100vw, 150px\" \/><\/a>\n\t\t\t<\/div><\/figure>\n\t\t<\/div>\n\n<p><span style=\"text-decoration: underline;\">DADY<\/span><\/p>\n<p style=\"text-align: justify;\">N\u00e9 \u00e0 Port-au-prince en Ha\u00efti. J\u2019ai d\u2019abord commenc\u00e9 par pratiquer le karat\u00e9 \u00e0 haut niveau d\u00e8s mon arriv\u00e9e en France \u00e0 l\u2019\u00e2ge de 14 ans. Puis tout \u00e0 fait par hasard, en 1998, j\u2019ai d\u00e9couvert la salsa et les danses afro-carib\u00e9ennes au sein de l\u2019\u00e9cole Salsabor.<br \/>\nParall\u00e8lement \u00e0 la salsa j\u2019ai d\u00e9cid\u00e9, en 2001,de suivre des cours de danse africaine avec Norma Claire. Et c\u2019est aussi aupr\u00e8s d\u2019elle que je me suis form\u00e9 au titre de professeur de danse africaine.<br \/>\nJ\u2019ai aussi \u00e9t\u00e9 pris de passion pour la danse contemporaine et j\u2019ai dans\u00e9 pendant 5 ans dans la compagnie Jocelyne Danchick.<br \/>\nN\u2019ayant pu r\u00e9sister \u00e0 l\u2019envie de mettre en sc\u00e8ne mes recherches artistiques et l\u2019envie de partager mes acquis avec le public sous forme de cours et de spectacle, je m\u2019associe en 2003 avec Corinne pour cr\u00e9er l\u2019association RainFallDance, qui deviendra par la suite Art Is Live.<br \/>\nEt c\u2019est en compagnie de Manuela depuis 2012 que l\u2019aventure continue. D\u2019abord a travers de multiple chor\u00e9graphies que nous pr\u00e9sentons \u00e0 travers la France et dans le Monde et aujourd\u2019hui \u00e0 travers notre \u00e9cole de danse : Art Is Live Studio cr\u00e9e en 2015.<\/p>\n<p><span style=\"text-decoration: underline;\">MANUELA<\/span><\/p>\n<p style=\"text-align: justify;\">N\u00e9e en France, dans une famille aux origines m\u00e9diterran\u00e9ennes. La musique m\u2019a toujours berc\u00e9e et j\u2019ai commenc\u00e9 \u00e0 danser sur les notes \u00e0 travers des cours de classique et de modern jazz, avant de les jouer au piano pendant 5 ans. Ces diff\u00e9rentes exp\u00e9riences m\u2019ont permis de d\u00e9velopper mon oreille musicale et de me trouver de nouvelles passions.<br \/>\nJ\u2019ai \u00e9t\u00e9 charm\u00e9e par la philosophie, la joie de vivre et les rythmes musicaux du peuple cubain lors de mon 1er voyage \u00e0 Cuba \u00e0 mes 17ans.<br \/>\nJ\u2019ai commenc\u00e9 par la salsa cubaine avant d\u2019essayer la salsa portoricaine et les autres danses latino-carib\u00e9ennes adjacentes. Et l\u2019univers de la Salsa avec un grand \u00ab S \u00bb devenue vite ma passion.<br \/>\nEn 2010, j\u2019int\u00e8gre l\u2019atelier chor\u00e9graphique de Leon Rose. Une exp\u00e9rience, tr\u00e8s enrichissante, qui a su apporter plus de technique \u00e0 ma danse. En 2011, je suis recrut\u00e9e par la troupe Palamambo de Kristel et Venance. Une troupe qui m\u2019ouvrit au monde de l\u2019afro, un monde que j\u2019ai appris \u00e0 conna\u00eetre et que j\u2019affectionne beaucoup. J\u2019ai pu approfondir ce domaine gr\u00e2ce aux stages de danse africaine de Norma Claire avec Dady. En 2012, ma collaboration avec Dady commen\u00e7a\u2026<\/p>\n<table>\n<tbody>\n<tr>\n<td><iframe loading=\"lazy\" src=\"https:\/\/www.youtube.com\/embed\/qC7K30rrXqw\" width=\"300\" height=\"170\" frameborder=\"0\" allowfullscreen=\"allowfullscreen\"><\/iframe><\/td>\n<td><iframe loading=\"lazy\" src=\"https:\/\/www.youtube.com\/embed\/v024oX20HBA\" width=\"300\" height=\"170\" frameborder=\"0\" allowfullscreen=\"allowfullscreen\"><\/iframe><\/td>\n<\/tr>\n<\/tbody>\n<\/table>\n<h3><\/h3>\n<h3>Le programme<\/h3>\n<p style=\"text-align: justify;\">Le programme de ce stage a \u00e9t\u00e9 \u00e9labor\u00e9 de sorte \u00e0 s&rsquo;adresser tant aux danseurs d\u00e9butants qu&rsquo;aux interm\u00e9diaires ainsi qu&rsquo;aux avanc\u00e9s.<br \/>\nBref, il y en aura pour tous !<\/p>\n<p>Les cours durent <strong>1h15<\/strong>.<\/p>\n<p>Voici le planning :<\/p>\n<table border=\"0\" width=\"358\" cellspacing=\"0\" cellpadding=\"0\">\n<colgroup>\n<col width=\"125\" \/>\n<col width=\"233\" \/><\/colgroup>\n<tbody>\n<tr>\n<td width=\"125\" height=\"20\"><strong>SAMEDI<\/strong><\/td>\n<td width=\"233\"><\/td>\n<td width=\"125\" height=\"20\"><strong>DIMANCHE<\/strong><\/td>\n<td width=\"233\"><\/td>\n<\/tr>\n<tr>\n<td height=\"20\"><\/td>\n<td><\/td>\n<td>\u00a011h30 &#8211; 12h45<\/td>\n<td>\u00a0<strong>Salsa On 1 <\/strong><em> Avanc\u00e9<\/em><\/td>\n<\/tr>\n<tr>\n<td height=\"20\">14h30 &#8211; 15h45<\/td>\n<td><strong>Salsa On<\/strong> <strong>1 <\/strong><em> D\u00e9butant<\/em><\/td>\n<td height=\"20\">14h00 &#8211; 15h15<\/td>\n<td><strong>Afro-Ha\u00eftien <\/strong><em> Tous niveaux<\/em><\/td>\n<\/tr>\n<tr>\n<td height=\"20\">16h00 &#8211; 17h15<\/td>\n<td><strong>Afro Body Move <em> Tous niveaux<\/em><\/strong><\/td>\n<td height=\"20\">15h30 &#8211; 16h45<\/td>\n<td><strong>Salsa On 1 <\/strong><em> Interm\u00e9diaire<\/em><\/td>\n<\/tr>\n<tr>\n<td height=\"20\">17h30 &#8211; 18h45<\/td>\n<td><em><strong>Kompa <\/strong> Tous niveaux<\/em><\/td>\n<td height=\"20\">17h00 &#8211; 19h00<\/td>\n<td>Apr\u00e8s-midi dansant<br \/>\n<em>gratuit<\/em><\/td>\n<\/tr>\n<tr>\n<td height=\"20\">A partir de 22h30<\/td>\n<td>Soir\u00e9e<\/td>\n<td><\/td>\n<td><\/td>\n<\/tr>\n<\/tbody>\n<\/table>\n<h3>Les tarifs<\/h3>\n<p><strong>Cours<\/strong><\/p>\n<ul>\n<li style=\"text-align: justify;\">Le tarif normal est de 13 euros pour le premier cours puis 8 euros pour les suivants (vous pouvez prendre autant de cours que vous le souhaitez, apr\u00e8s le premier, ils seront tous \u00e0 8 euros).<\/li>\n<\/ul>\n<ul>\n<li style=\"text-align: justify;\">Le tarif r\u00e9duit est de 10 euros pour le premier cours puis 6 euros pour les suivants (vous pouvez prendre autant de cours que vous le souhaitez, apr\u00e8s le premier, ils seront tous \u00e0 6 euros). Les tarifs r\u00e9duits sont applicables <span style=\"text-decoration: underline;\">jusqu&rsquo;au 13 janvier inclus minuit.<\/span> Profitez-en.<\/li>\n<\/ul>\n<ul>\n<li style=\"text-align: justify;\">Tarifs pleins \u00e0 partir du 14\u00a0janvier : 13\u20ac le premier cours et 8 euros les suivants.<\/li>\n<\/ul>\n<p><strong>Soir\u00e9e A PAYER SUR PLACE (entr\u00e9e + boissons incluses)<\/strong><\/p>\n<ul>\n<li>Pour les adh\u00e9rents : 6\u20ac<\/li>\n<\/ul>\n<ul>\n<li>Pour les non-adh\u00e9rents : 8\u20ac<\/li>\n<\/ul>\n<h3>Formulaire d&rsquo;inscription<\/h3>\n<p style=\"text-align: justify;\">Vous voulez vous inscrire ? Remplissez et validez le formulaire suivant (N&rsquo;oubliez pas de pr\u00e9ciser si vous \u00eates adh\u00e9rents et de pr\u00e9ciser votre cours) :<\/p>\n<p><center><iframe loading=\"lazy\" src=\"http:\/\/inscription.stage.losloquitos.com\/inscription_formulaire.php5?id_stage=23\" width=\"750\" height=\"600\" frameborder=\"0\" scrolling=\"auto\"><\/iframe><\/center><\/p>\n","protected":false},"excerpt":{"rendered":"","protected":false},"author":7,"featured_media":7161,"comment_status":"open","ping_status":"open","sticky":false,"template":"","format":"standard","meta":{"footnotes":""},"categories":[50],"tags":[],"class_list":["post-5733","post","type-post","status-publish","format-standard","has-post-thumbnail","hentry","category-anciens-stages"],"_links":{"self":[{"href":"https:\/\/www.losloquitos.com\/v3\/wp-json\/wp\/v2\/posts\/5733","targetHints":{"allow":["GET"]}}],"collection":[{"href":"https:\/\/www.losloquitos.com\/v3\/wp-json\/wp\/v2\/posts"}],"about":[{"href":"https:\/\/www.losloquitos.com\/v3\/wp-json\/wp\/v2\/types\/post"}],"author":[{"embeddable":true,"href":"https:\/\/www.losloquitos.com\/v3\/wp-json\/wp\/v2\/users\/7"}],"replies":[{"embeddable":true,"href":"https:\/\/www.losloquitos.com\/v3\/wp-json\/wp\/v2\/comments?post=5733"}],"version-history":[{"count":137,"href":"https:\/\/www.losloquitos.com\/v3\/wp-json\/wp\/v2\/posts\/5733\/revisions"}],"predecessor-version":[{"id":7190,"href":"https:\/\/www.losloquitos.com\/v3\/wp-json\/wp\/v2\/posts\/5733\/revisions\/7190"}],"wp:featuredmedia":[{"embeddable":true,"href":"https:\/\/www.losloquitos.com\/v3\/wp-json\/wp\/v2\/media\/7161"}],"wp:attachment":[{"href":"https:\/\/www.losloquitos.com\/v3\/wp-json\/wp\/v2\/media?parent=5733"}],"wp:term":[{"taxonomy":"category","embeddable":true,"href":"https:\/\/www.losloquitos.com\/v3\/wp-json\/wp\/v2\/categories?post=5733"},{"taxonomy":"post_tag","embeddable":true,"href":"https:\/\/www.losloquitos.com\/v3\/wp-json\/wp\/v2\/tags?post=5733"}],"curies":[{"name":"wp","href":"https:\/\/api.w.org\/{rel}","templated":true}]}}