{"id":7201,"date":"2018-01-22T11:34:46","date_gmt":"2018-01-22T10:34:46","guid":{"rendered":"http:\/\/www.losloquitos.com\/v3\/?p=7201"},"modified":"2025-07-16T14:28:57","modified_gmt":"2025-07-16T12:28:57","slug":"master-class-nelly-jerome-inscription-rouverte-aux-hommes","status":"publish","type":"post","link":"https:\/\/www.losloquitos.com\/v3\/master-class-nelly-jerome-inscription-rouverte-aux-hommes\/","title":{"rendered":"Master Class Salsa Nelly et J\u00e9r\u00f4me + Soir\u00e9e &#8211; Samedi 12 janvier 2019 &#8211; 14h\/17h15"},"content":{"rendered":"<p style=\"text-align: justify;\">Et oui ils reviennent !! C&rsquo;est avec un grand plaisir que Nelly et J\u00e9r\u00f4me, 2 excellents danseurs professionnels de Paris issus de l&rsquo;\u00e9cole Salsalianza, viennent pour enseigner\u00a0un master class salsa de 3h!!!<\/p>\n<p style=\"text-align: justify;\">Convivialit\u00e9, bonne ambiance et performance au RDV!!<\/p>\n<p style=\"text-align: justify;\">Si vous voulez progresser tout en vous \u00e9clatant, c&rsquo;est \u00e0 ce stage qu&rsquo;il faut venir. Attention, les pl<span class=\"text_exposed_show\">aces sont limit\u00e9es.\u00a0<span style=\"text-decoration: underline;\">Pr\u00e9requis<\/span> :\u00a0<span data-offset-key=\"3rfov-0-0\"><span data-text=\"true\">\u00catre au minimum dans sa 3\u00e8me ann\u00e9e de salsa porto<\/span><\/span><\/span><\/p>\n<h3 style=\"color: #dd5533;\"><em style=\"color: #dd5533;\">NELLY ET\u00a0<\/em><span style=\"color: #dd5533;\"><i>J\u00c9R\u00d4ME<\/i><\/span><\/h3>\n<p style=\"color: #dd5533;\"><span style=\"color: #333333;\">Volant d\u00e9sormais tous les deux de le<a href=\"http:\/\/www.losloquitos.com\/v3\/wp-content\/uploads\/2018\/01\/ALX5331.jpg\"><img loading=\"lazy\" decoding=\"async\" class=\"size-medium wp-image-7441 alignleft\" src=\"http:\/\/www.losloquitos.com\/v3\/wp-content\/uploads\/2018\/01\/ALX5331-200x300.jpg\" alt=\"_ALX5331\" width=\"200\" height=\"300\" srcset=\"https:\/\/www.losloquitos.com\/v3\/wp-content\/uploads\/2018\/01\/ALX5331-200x300.jpg 200w, https:\/\/www.losloquitos.com\/v3\/wp-content\/uploads\/2018\/01\/ALX5331-768x1151.jpg 768w, https:\/\/www.losloquitos.com\/v3\/wp-content\/uploads\/2018\/01\/ALX5331-684x1024.jpg 684w, https:\/\/www.losloquitos.com\/v3\/wp-content\/uploads\/2018\/01\/ALX5331.jpg 1367w\" sizes=\"auto, (max-width: 200px) 100vw, 200px\" \/><\/a>urs propres ailes, ils dispensent chacun des cours de salsa\u00a0sur Paris et autre r\u00e9gions fran\u00e7aises\u00a0notamment dans l&rsquo;\u00e9cole r\u00e9put\u00e9e \u00ab\u00a0SalsAlianza\u00a0\u00bb et parcourent la France et autres pays pour partager leur bonne humeur\u00a0et leur amour de la danse.<\/span><\/p>\n<p style=\"color: #dd5533;\"><span style=\"color: #333333;\">C&rsquo;est donc avec grand plaisir que Nelly et J\u00e9r\u00f4me seront pr\u00e9sents \u00e0 l&rsquo;appel de Los Loquitos de la Salsa et vous attendent tr\u00e8s nombreux pour un maximum de fun !\u00a0<\/span><\/p>\n<table style=\"border: 0px; padding: 0px; margin: 0px; height: 10px;\" width=\"156\">\n<tbody>\n<tr>\n<td style=\"border: 0px;\"><\/td>\n<td style=\"border: 0px; text-align: justify;\" height=\"20\"><\/td>\n<td style=\"border: 0px;\"><\/td>\n<\/tr>\n<\/tbody>\n<\/table>\n<h3 style=\"color: #dd5533;\"><em style=\"color: #dd5533;\">L&rsquo;ORGANISATION DU MASTER CLASS SALSA<\/em><\/h3>\n<p><span style=\"text-decoration: underline;\">Jour du stage<\/span> : Samedi 12 janvier 2019<br \/>\n<span style=\"text-decoration: underline;\">Dur\u00e9e\u00a0du stage<\/span> : 3h00 (avec une pause d&rsquo;un quart d&rsquo;heure)<br \/>\n<span style=\"text-decoration: underline;\">Horaires du stage<\/span> : 14h00-17h15<br \/>\n<span style=\"text-decoration: underline;\">Lieu du stage<\/span> : MJC du Grand Cordel, 18 rue des Plantes \u00e0 Rennes<br \/>\n<span style=\"text-decoration: underline;\">Pr\u00e9requis<\/span> : <span data-offset-key=\"3rfov-0-0\"><span data-text=\"true\">\u00catre au minimum dans sa 3\u00e8me ann\u00e9e de salsa porto<\/span><\/span>.\u00a0 (2\u00e8me ann\u00e9e d&rsquo;inter, inter +, inter 2 ou avanc\u00e9) Le master Class sera du porto on 1<\/p>\n<h3><em><span style=\"color: #dd5533;\">INSCRIPTION\u00a0<\/span><\/em><\/h3>\n<p><strong>&#8211; Tarif normal : 22 \u20ac les 3h<\/strong><br \/>\n<strong>&#8211;\u00a0Tarif adh\u00e9rent Loquitos : 18 \u20ac les 3h<\/strong><\/p>\n<p><strong><span data-offset-key=\"ehjvj-0-0\"><span data-text=\"true\">Toute inscription est d\u00e9finitive, aucun remboursement ne sera possible apr\u00e8s validation de l&rsquo;inscription. (Possibilit\u00e9 de revendre le billet par ses propres moyens \u00e0 condition que ce soit \u00e0 une personne du m\u00eame sexe \u00e9tant minimum en 2\u00e8me ann\u00e9e d&rsquo;interm\u00e9diaire et que le nom soit chang\u00e9 sur le billet)<\/span><\/span><\/strong><\/p>\n<p><strong><span style=\"text-decoration: underline;\">Inscription et paiement uniquement en ligne par ce lien<\/span><\/strong> :\u00a0<a href=\"https:\/\/www.weezevent.com\/master-class-salsa-nelly-jerome\">https:\/\/www.weezevent.com\/master-class-salsa-nelly-jerome<\/a><\/p>\n<h3><em><span style=\"color: #dd5533;\">SOIREE SALSA ET BACHATA\u00a0<\/span><\/em><\/h3>\n<p>Et pour continuer cette journ\u00e9e bien sympathique, Los Loquitos de la Salsa organise exceptionnellement une soir\u00e9e salsa &amp; bachata le soir m\u00eame \u00e0 partir de <strong>22h00 au Bowling Alma \u00e0 Rennes<\/strong> et Nelly et J\u00e9r\u00f4me seront de la partie!!<\/p>\n<p>Horaires : 22h-2h<br \/>\nLieu : Bowling Alma &#8211; Centre Commercial Alma, 2 Rue du Bosphore \u00e0 Rennes<br \/>\nSoir\u00e9e gratuite et ouverte \u00e0 tous (conso de courtoisie appr\u00e9ci\u00e9e)<\/p>\n<p>Loquitosement !!<\/p>\n","protected":false},"excerpt":{"rendered":"","protected":false},"author":15,"featured_media":7442,"comment_status":"closed","ping_status":"open","sticky":false,"template":"","format":"standard","meta":{"footnotes":""},"categories":[50],"tags":[],"class_list":["post-7201","post","type-post","status-publish","format-standard","has-post-thumbnail","hentry","category-anciens-stages"],"_links":{"self":[{"href":"https:\/\/www.losloquitos.com\/v3\/wp-json\/wp\/v2\/posts\/7201","targetHints":{"allow":["GET"]}}],"collection":[{"href":"https:\/\/www.losloquitos.com\/v3\/wp-json\/wp\/v2\/posts"}],"about":[{"href":"https:\/\/www.losloquitos.com\/v3\/wp-json\/wp\/v2\/types\/post"}],"author":[{"embeddable":true,"href":"https:\/\/www.losloquitos.com\/v3\/wp-json\/wp\/v2\/users\/15"}],"replies":[{"embeddable":true,"href":"https:\/\/www.losloquitos.com\/v3\/wp-json\/wp\/v2\/comments?post=7201"}],"version-history":[{"count":14,"href":"https:\/\/www.losloquitos.com\/v3\/wp-json\/wp\/v2\/posts\/7201\/revisions"}],"predecessor-version":[{"id":7524,"href":"https:\/\/www.losloquitos.com\/v3\/wp-json\/wp\/v2\/posts\/7201\/revisions\/7524"}],"wp:featuredmedia":[{"embeddable":true,"href":"https:\/\/www.losloquitos.com\/v3\/wp-json\/wp\/v2\/media\/7442"}],"wp:attachment":[{"href":"https:\/\/www.losloquitos.com\/v3\/wp-json\/wp\/v2\/media?parent=7201"}],"wp:term":[{"taxonomy":"category","embeddable":true,"href":"https:\/\/www.losloquitos.com\/v3\/wp-json\/wp\/v2\/categories?post=7201"},{"taxonomy":"post_tag","embeddable":true,"href":"https:\/\/www.losloquitos.com\/v3\/wp-json\/wp\/v2\/tags?post=7201"}],"curies":[{"name":"wp","href":"https:\/\/api.w.org\/{rel}","templated":true}]}}