{"id":7207,"date":"2018-02-01T13:17:07","date_gmt":"2018-02-01T12:17:07","guid":{"rendered":"http:\/\/www.losloquitos.com\/v3\/?p=7207"},"modified":"2025-07-16T14:33:05","modified_gmt":"2025-07-16T12:33:05","slug":"3eme-stage-loquitos-salsa-bachata-2627-mai-2018","status":"publish","type":"post","link":"https:\/\/www.losloquitos.com\/v3\/3eme-stage-loquitos-salsa-bachata-2627-mai-2018\/","title":{"rendered":"Stage Salsa\/Bachata avec Terry et C\u00e9cile &#8211; Emeline et JC &#8211; 26\/27 mai 2018"},"content":{"rendered":"<p style=\"text-align: justify;\">Pour le stage de la saison 2018-2019, Los Loquitos de la Salsa a l&rsquo;honneur d&rsquo;inviter\u00a0R\u00e9da ainsi que Kriss &amp; Aur\u00e9lie pour animer les cours. DJ 69 sera \u00e9galement de la partie pour mixer le samedi soir. Le stage se d\u00e9roulera \u00e0 la MJC du Grand Cordel \u00e0 Rennes les\u00a016 et 17 mars 2019.Reda Dance de Paris est un danseur Urbain (Hip-Hop, popping etc.) mais \u00e9galement un danseur de danses latines (Salsa, Bachata, Chacha, Brazilian Zouk &#8230;)<\/p>\n<p>Il \u00e9volue au sein de ces deux univers en essayant d\u2019apporter une touche d\u2019originalit\u00e9 pour aller l\u00e0 o\u00f9 on ne l\u2019attend pas. De ce mix de cultures et d\u2019univers musicaux est n\u00e9 sont concept original: Urban Latin Move<\/p>\n<p>\u00c9galement coach personnel, il enseigne et \u00e9tudie le mouvements pour compl\u00e9ter sa discipline et en faire un Art.<\/p>\n<p>Il a assur\u00e9 plusieurs repr\u00e9sentations dans diff\u00e9rents groupes et \u00e0 ce jour, il propose des prestations Solo ou en Duo \u00e0 diff\u00e9rents \u00e9v\u00e8nements de dance Latine \u00e0 travers le monde (New-York, Moscow, Montreal, Madrid, Paris, Singapore, Shangai, Sydney, Rio&#8230;).<\/p>\n<p>Son premier objectif est de partager son amour de la musique et de la dance ainsi que son style original.<br \/>\nLes repr\u00e9sentations qu\u2019il propose peuvent \u00eatre comiques tout autant qu\u2019\u00e9motionnels avec comme fil conducteur une rigueur technique qu\u2019il a su b\u00e2tir au cours de ses ann\u00e9es de carri\u00e8re artistique.<\/p>\n<p style=\"text-align: justify;\"><a href=\"http:\/\/www.losloquitos.com\/v3\/wp-content\/uploads\/2018\/01\/IMG_1067.jpg\"><img loading=\"lazy\" decoding=\"async\" class=\"size-medium wp-image-7209 alignright\" src=\"http:\/\/www.losloquitos.com\/v3\/wp-content\/uploads\/2018\/01\/IMG_1067.jpg\" alt=\"IMG_1067\" width=\"200\" height=\"300\" srcset=\"https:\/\/www.losloquitos.com\/v3\/wp-content\/uploads\/2018\/01\/IMG_1067.jpg 1365w, https:\/\/www.losloquitos.com\/v3\/wp-content\/uploads\/2018\/01\/IMG_1067-200x300.jpg 200w, https:\/\/www.losloquitos.com\/v3\/wp-content\/uploads\/2018\/01\/IMG_1067-768x1152.jpg 768w, https:\/\/www.losloquitos.com\/v3\/wp-content\/uploads\/2018\/01\/IMG_1067-683x1024.jpg 683w\" sizes=\"auto, (max-width: 200px) 100vw, 200px\" \/><\/a><strong>C\u00e9cile<\/strong><br \/>\nGrande danseuse depuis l&rsquo;\u00e2ge de 4 ans, C\u00e9cile a go\u00fbt\u00e9 tous les styles de danses comme le classique ou encore les danses urbaines. Elle a enseign\u00e9 des cours de danses \u00e0 l&rsquo;\u00e9cole d&rsquo;Isis Figaro o\u00f9 elle a rencontr\u00e9 Terry.\u00a0Par son talent, elle\u00a0a int\u00e9gr\u00e9 depuis de nombreuses compagnies de danses et a ouvert avec son partenaire Terry en 2007 sa propre \u00e9cole de danse \u00ab\u00a0Salsalianza\u00a0\u00bb.\u00a0En 2015, elle cr\u00e9e son association \u00ab\u00a0C&rsquo;Style Art\u00a0\u00bb et propose des stages de perfectionnement r\u00e9guli\u00e8rement \u00e0 Paris et ailleurs.<\/p>\n<p style=\"text-align: justify;\">Reconnus pour leur musicalit\u00e9 et leur technique, Terry et C\u00e9cile sont des danseurs convoit\u00e9s dans le monde entier.<\/p>\n<p style=\"text-align: justify;\"><a href=\"http:\/\/www.losloquitos.com\/v3\/wp-content\/uploads\/2018\/02\/EJC.jpg\"><img loading=\"lazy\" decoding=\"async\" class=\" wp-image-7209 alignleft\" src=\"http:\/\/www.losloquitos.com\/v3\/wp-content\/uploads\/2018\/02\/EJC.jpg\" alt=\"IMG_1067\" width=\"269\" height=\"179\" \/><\/a><strong>Emeline<\/strong><br \/>\nDanseuse depuis 10 ans en salsa et bachata, Emeline a suivi la formation professionnelle de l&rsquo;\u00e9cole Salsalianza aupr\u00e8s de Terry et C\u00e9cile.<br \/>\nElle s&rsquo;est form\u00e9e en bachata aupr\u00e8s de Korke &amp;\u00a0 Judith , Pablo &amp; Raquel et Sergio &amp; Ana.<br \/>\nElle est l&rsquo;actuelle championne de France Bachastars et poss\u00e8de sa propose troupe de ladystyling, Las estrellas.<br \/>\nEt a eu la chance de repr\u00e9senter la France au Bachastars International en 2016 et 2017.<\/p>\n<p><strong>JC<\/strong><\/p>\n<div dir=\"auto\" style=\"text-align: justify;\">P\u00e9dagogue de formation, il a fait ses d\u00e9buts en salsa avec Ibra Chavez et s&rsquo;est form\u00e9 en bachata aupr\u00e8s des plus grands professeurs tels que les fondateurs de la bachata sensuelle, Korke &amp; Judith ou encore\u00a0 Pablo &amp; Raquel.<\/div>\n<div dir=\"auto\" style=\"text-align: justify;\"><\/div>\n<div dir=\"auto\">\n<p><a href=\"http:\/\/www.losloquitos.com\/v3\/wp-content\/uploads\/2018\/01\/015165046.jpg\"><img loading=\"lazy\" decoding=\"async\" class=\" wp-image-7209 alignright\" src=\"http:\/\/www.losloquitos.com\/v3\/wp-content\/uploads\/2018\/01\/015165046.jpg\" alt=\"IMG_1067\" width=\"138\" height=\"98\" \/><\/a><strong>Reina Dance Shoes By Emeline<\/strong><br \/>\n&#8230; sera pr\u00e9sent lors de la soir\u00e9e du samedi soir pour ceux et celles friands de belles chaussures de danses et accessoires.\u00a0<span class=\"_4n-j _3cht fsl\" data-testid=\"event-permalink-details\"><span class=\"text_exposed_show\">Lien du catalogue : <a href=\"https:\/\/docs.google.com\/presentation\/d\/1nh5a0JQIQhJ3xSuSBm2H4FGNY173Z9P8GwqtHGDuEIE\/mobilepresent?slide=id.g2a7abee132_0_0\" target=\"_blank\" rel=\"nofollow\" data-lynx-mode=\"async\" data-lynx-uri=\"https:\/\/l.facebook.com\/l.php?u=https%3A%2F%2Fdocs.google.com%2Fpresentation%2Fd%2F1nh5a0JQIQhJ3xSuSBm2H4FGNY173Z9P8GwqtHGDuEIE%2Fmobilepresent%3Fslide%3Did.g2a7abee132_0_0&amp;h=ATMrTqdY5fqBv-WeUixKGf8pLh_H7Ml65VIu3jYnMYqZ8S838Qh70Qd3lsjADLwzebeBp_e95qVoGPUL6QTiFMwQy337SHtgj8X4kb9iHm8UddfkIk8mWL8D2VlFIThZVmY5KeUpqxA_EBZD0Esi-_nIpawQEcxJ1n1Ms_9s_j5FNH2-\">https:\/\/docs.google.com\/<wbr \/>presentation\/d\/<wbr \/>1nh5a0JQIQhJ3xSuSBm2H4FGNY1<wbr \/>73Z9P8GwqtHGDuEIE\/<wbr \/>mobilepresent?slide=id.g2a7<wbr \/>abee132_0_0<\/a> <\/span><\/span><\/p>\n<p>&nbsp;<\/p>\n<p style=\"text-align: justify;\"><a href=\"http:\/\/www.losloquitos.com\/v3\/wp-content\/uploads\/2018\/02\/DJ69.jpg\"><img loading=\"lazy\" decoding=\"async\" class=\"wp-image-7209 alignleft\" src=\"http:\/\/www.losloquitos.com\/v3\/wp-content\/uploads\/2018\/02\/DJ69.jpg\" alt=\"IMG_1067\" width=\"247\" height=\"232\" \/><\/a><strong>DJ 69<\/strong><br \/>\nDanseur de sociale reconnu mais surtout passionn\u00e9 de musique, Julien a commenc\u00e9 \u00e0 jouer en soir\u00e9e il y a 7 ans. Il a encha\u00een\u00e9 ses propres soir\u00e9es, les invitations dans les soir\u00e9es parisiennes et les festivals. Il est le DJ r\u00e9sident des soir\u00e9es Agua depuis 2016. Il se fait conna\u00eetre sous le pseudo de DJ 69 et aime jouer une musique vivante, avec beaucoup de variations et de musicalit\u00e9. Bref une musique pour danseurs . (Cr\u00e9dit photo Pascale PIX)<\/p>\n<h3>Vid\u00e9os des professeurs<\/h3>\n<table border=\"0\">\n<tbody>\n<tr>\n<td><center><iframe loading=\"lazy\" src=\"https:\/\/www.youtube.com\/embed\/pbp_mIlKszg\" width=\"300\" height=\"170\" frameborder=\"0\" allowfullscreen=\"allowfullscreen\"><\/iframe><\/center><\/td>\n<td><center><iframe loading=\"lazy\" src=\"https:\/\/www.youtube.com\/embed\/7wOkcsMriBM\" width=\"300\" height=\"170\" frameborder=\"0\" allowfullscreen=\"allowfullscreen\"><\/iframe><\/center><\/td>\n<\/tr>\n<\/tbody>\n<\/table>\n<h3>Le programme<\/h3>\n<p>Le programme de ce stage a \u00e9t\u00e9 \u00e9labor\u00e9 de sorte \u00e0 s&rsquo;adresser tant aux danseurs d\u00e9butants qu&rsquo;aux interm\u00e9diaires et avanc\u00e9s. Il y en aura pour tous !<\/p>\n<p>Les cours durent\u00a0<strong>1h00. <\/strong><\/p>\n<p><span style=\"color: #ff0000;\"><strong>Les cours commenceront \u00e0 l&rsquo;heure, merci d&rsquo;arriver minimum 10 minutes avant les cours.<\/strong><\/span><\/p>\n<p>Niv 1 = d\u00e9butant ; Niv 2 = interm\u00e9diaire ; Niv 3 = avanc\u00e9 ; Tous niveaux = Niv 1,2 et 3<\/p>\n<p><strong>Tous les cours de salsa sont de la salsa portoricaine on 1<\/strong><\/p>\n<p><span style=\"text-decoration: underline;\">Voici le planning<\/span> :<\/p>\n<table>\n<tbody>\n<tr>\n<td><strong>samedi 26 mai<\/strong><\/td>\n<td>Salle 1<\/td>\n<td>Salle 2<\/td>\n<\/tr>\n<tr>\n<td>14h00 &#8211; 15h00<\/td>\n<td><strong>Shine musical*<\/strong> <span style=\"color: #ff00ff;\">niv 2\/3<\/span><br \/>\n<em>(Terry et C\u00e9cile)<\/em><\/td>\n<td><strong>Bachata <\/strong><span style=\"color: #ff6600;\">niv 1\u00a0 \u00a0 \u00a0 \u00a0 \u00a0 \u00a0 \u00a0 \u00a0 \u00a0 \u00a0 \u00a0 <\/span><span style=\"color: #000000;\">\u00a0<em>(Emeline et JC)<\/em><\/span><\/td>\n<\/tr>\n<tr>\n<td>15h00 &#8211; 16h00<\/td>\n<td><strong>Salsa porto on 1<\/strong> <span style=\"color: #ff6600;\">niv 1<\/span><br \/>\n<em>(Terry et C\u00e9cile)<\/em><\/td>\n<td><strong>Initiation\u00a0Salsa porto\u00a0<\/strong>gratuite<br \/>\n<em>(Los Loquitos de la Salsa)<\/em><\/td>\n<\/tr>\n<tr>\n<td>16h15 &#8211; 17h15<\/td>\n<td><strong>Technique de tours<\/strong> <span style=\"color: #ff00ff;\">niv 2\/3<\/span><br \/>\n<span style=\"color: #ff00ff;\"><span style=\"color: #000000;\"><em>(Terry et C\u00e9cile)<\/em><\/span><\/span><\/td>\n<td><strong>Bachata dominicaine****<\/strong> <span style=\"color: #99cc00;\">Tous niveaux<\/span><br \/>\n<em>(Emeline et JC)<\/em><\/td>\n<\/tr>\n<tr>\n<td>17h15 &#8211; 18h15<\/td>\n<td><strong>Salsa porto on 1<\/strong> <span style=\"color: #ff00ff;\">niv 2<\/span><br \/>\n<em>(Terry et C\u00e9cile)<\/em><\/td>\n<td><\/td>\n<\/tr>\n<tr>\n<td>20h45 &#8211; 21h45<\/td>\n<td><strong>Bachata fusion**<\/strong> <span style=\"color: #99cc00;\">Tous niveaux<\/span><br \/>\n<em>(Emeline et JC)<\/em><\/td>\n<td><\/td>\n<\/tr>\n<tr>\n<td>A partir de 22h00<\/td>\n<td>soir\u00e9e anim\u00e9e par DJ 69 et DJS Loquitos + shows (23h30)<\/td>\n<td><\/td>\n<\/tr>\n<tr>\n<td><strong>dimanche 27 mai<\/strong><\/td>\n<td>\u00a0Salle 1<\/td>\n<td>\u00a0Salle 2<\/td>\n<\/tr>\n<tr>\n<td>13h30 &#8211; 14h30<\/td>\n<td><strong>Bachata<\/strong> <span style=\"color: #ff00ff;\">niv 2\/3<\/span><br \/>\n<em>(Terry et C\u00e9cile)<\/em><\/td>\n<td><strong>Salsa porto on 1\u00a0<\/strong><span style=\"color: #ff6600;\">niv 1\u00a0 \u00a0 \u00a0 \u00a0 \u00a0 <span style=\"color: #000000;\">\u00a0<em>(Los Loquitos de la Salsa)<\/em><\/span><\/span><\/td>\n<\/tr>\n<tr>\n<td>14h30 &#8211; 15h30<\/td>\n<td><strong>Partner musical***<\/strong> <span style=\"color: #ff00ff;\">niv 2\/3<\/span><br \/>\n<em>(Terry et C\u00e9cile)<\/em><\/td>\n<td><strong>Bachata sensuelle<\/strong> <span style=\"color: #99cc00;\">Tous niveaux<\/span> <em>(Emeline et JC)<\/em><\/td>\n<\/tr>\n<tr>\n<td>15h45 &#8211; 16h45<\/td>\n<td><strong>Ladys style\u00a0<\/strong><span style=\"color: #ff00ff;\">niv 2\/3<\/span><br \/>\n<em>(C\u00e9cile)<\/em><\/td>\n<td><strong>Coaching men style\u00a0<\/strong><span style=\"color: #ff00ff;\">niv 2\/3<\/span><br \/>\n<em>(Terry)<\/em><\/td>\n<\/tr>\n<\/tbody>\n<\/table>\n<p><strong>* Shine musical : <\/strong>Shine sur une musique bien d\u00e9termin\u00e9e<br \/>\n<strong>** Bachata fusion :<\/strong>\u00a0M\u00e9lange\u00a0de Bachata Moderne, Sensuelle et\u00a0Dominicaine<br \/>\n<strong>*** Partner musical :<\/strong> D\u00e9velopper\u00a0sa musicalit\u00e9 en dansant en couple<br \/>\n<strong>**** Bachata dominicaine :<\/strong> Bachata ax\u00e9e sur\u00a0des jeux de pieds<\/p>\n<p><span style=\"text-decoration: underline;\"><strong>Les tarifs <\/strong><\/span><strong><span style=\"color: #ff0000;\">(inscriptions sur place dans la limite des places disponibles)<\/span><\/strong><\/p>\n<table dir=\"ltr\" border=\"1\" cellspacing=\"0\" cellpadding=\"0\">\n<colgroup>\n<col width=\"208\" \/>\n<col width=\"100\" \/>\n<col width=\"100\" \/><\/colgroup>\n<tbody>\n<tr>\n<td>\u00a0Tarif<\/td>\n<td>Pour qui<\/td>\n<td>Tarifs<\/td>\n<\/tr>\n<tr>\n<td>Full pass r\u00e9duit<\/td>\n<td>les\u00a020 premiers<\/td>\n<td data-sheets-value=\"{&quot;1&quot;:3,&quot;3&quot;:45}\">45 \u20ac<\/td>\n<\/tr>\n<tr>\n<td data-sheets-value=\"{&quot;1&quot;:2,&quot;2&quot;:&quot;full pass normal Apr\u00e8s 6 mai&quot;}\">Full pass<strong>\u00a0jusqu&rsquo;au\u00a04 mai 23h55<\/strong><\/td>\n<td data-sheets-value=\"{&quot;1&quot;:2,&quot;2&quot;:&quot;tous&quot;}\">Tous<\/td>\n<td data-sheets-value=\"{&quot;1&quot;:3,&quot;3&quot;:70}\">60 \u20ac<\/td>\n<\/tr>\n<tr>\n<td data-sheets-value=\"{&quot;1&quot;:2,&quot;2&quot;:&quot;full pass adh 6 mai 23h59&quot;}\">Full pass adh\u00e9rent Loquitos\u00a0<strong>jusqu&rsquo;au 4\u00a0mai 23h55<\/strong><\/td>\n<td data-sheets-value=\"{&quot;1&quot;:2,&quot;2&quot;:&quot;adh\u00e9rents&quot;}\">Adh\u00e9rents<\/td>\n<td data-sheets-value=\"{&quot;1&quot;:3,&quot;3&quot;:50}\">50 \u20ac<\/td>\n<\/tr>\n<tr>\n<td data-sheets-value=\"{&quot;1&quot;:2,&quot;2&quot;:&quot;Full pass normal 6 mai 23h59&quot;}\">Full pass<\/td>\n<td data-sheets-value=\"{&quot;1&quot;:2,&quot;2&quot;:&quot;tous&quot;}\">Tous<\/td>\n<td data-sheets-value=\"{&quot;1&quot;:3,&quot;3&quot;:60}\">70 \u20ac<\/td>\n<\/tr>\n<tr>\n<td data-sheets-value=\"{&quot;1&quot;:2,&quot;2&quot;:&quot;samedi pass&quot;}\">Pass Samedi (comprend les stages du samedi, le cours de bachata du samedi soir et la soir\u00e9e, )<\/td>\n<td data-sheets-value=\"{&quot;1&quot;:2,&quot;2&quot;:&quot;tous&quot;}\">Tous<\/td>\n<td data-sheets-value=\"{&quot;1&quot;:3,&quot;3&quot;:45}\">45 \u20ac<\/td>\n<\/tr>\n<tr>\n<td data-sheets-value=\"{&quot;1&quot;:2,&quot;2&quot;:&quot;dimanche pass&quot;}\">Pass Dimanche ( comprend le stages du dimanche)<\/td>\n<td data-sheets-value=\"{&quot;1&quot;:2,&quot;2&quot;:&quot;tous&quot;}\">Tous<\/td>\n<td data-sheets-value=\"{&quot;1&quot;:3,&quot;3&quot;:25}\">25<\/td>\n<\/tr>\n<\/tbody>\n<\/table>\n<table dir=\"ltr\" border=\"1\" cellspacing=\"0\" cellpadding=\"0\">\n<colgroup>\n<col width=\"100\" \/>\n<col width=\"100\" \/><\/colgroup>\n<tbody>\n<tr>\n<td data-sheets-value=\"{&quot;1&quot;:2,&quot;2&quot;:&quot;soiree + cours&quot;}\">Soir\u00e9e du samedi + cours du soir<\/td>\n<td data-sheets-value=\"{&quot;1&quot;:3,&quot;3&quot;:10}\">10 \u20ac<\/td>\n<\/tr>\n<tr>\n<td data-sheets-value=\"{&quot;1&quot;:2,&quot;2&quot;:&quot;cours unit\u00e9 sur place&quot;}\">Soir\u00e9e adh\u00e9rent + cours du soir<\/td>\n<td data-sheets-value=\"{&quot;1&quot;:3,&quot;3&quot;:15}\">8 \u20ac<\/td>\n<\/tr>\n<tr>\n<td data-sheets-value=\"{&quot;1&quot;:2,&quot;2&quot;:&quot;soiree adh\u00e9rent + cours&quot;}\">Cours unit\u00e9<\/td>\n<td data-sheets-value=\"{&quot;1&quot;:3,&quot;3&quot;:8}\">15 \u20ac<\/td>\n<\/tr>\n<\/tbody>\n<\/table>\n<p>Les softs sont inclus dans les prix.<\/p>\n<p>Le cours du soir correspond au cours de Bachata fusion \u00e0 20h45 le samedi soir.<\/p>\n<p><strong>Le dimanche 27 mai \u00e0 partir de 17h00, apr\u00e8s-midi dansant gratuit ouvert \u00e0 tous !!!\u00a0<\/strong><\/p>\n<\/div>\n","protected":false},"excerpt":{"rendered":"","protected":false},"author":15,"featured_media":7278,"comment_status":"closed","ping_status":"open","sticky":false,"template":"","format":"standard","meta":{"footnotes":""},"categories":[50],"tags":[],"class_list":["post-7207","post","type-post","status-publish","format-standard","has-post-thumbnail","hentry","category-anciens-stages"],"_links":{"self":[{"href":"https:\/\/www.losloquitos.com\/v3\/wp-json\/wp\/v2\/posts\/7207","targetHints":{"allow":["GET"]}}],"collection":[{"href":"https:\/\/www.losloquitos.com\/v3\/wp-json\/wp\/v2\/posts"}],"about":[{"href":"https:\/\/www.losloquitos.com\/v3\/wp-json\/wp\/v2\/types\/post"}],"author":[{"embeddable":true,"href":"https:\/\/www.losloquitos.com\/v3\/wp-json\/wp\/v2\/users\/15"}],"replies":[{"embeddable":true,"href":"https:\/\/www.losloquitos.com\/v3\/wp-json\/wp\/v2\/comments?post=7207"}],"version-history":[{"count":65,"href":"https:\/\/www.losloquitos.com\/v3\/wp-json\/wp\/v2\/posts\/7207\/revisions"}],"predecessor-version":[{"id":8364,"href":"https:\/\/www.losloquitos.com\/v3\/wp-json\/wp\/v2\/posts\/7207\/revisions\/8364"}],"wp:featuredmedia":[{"embeddable":true,"href":"https:\/\/www.losloquitos.com\/v3\/wp-json\/wp\/v2\/media\/7278"}],"wp:attachment":[{"href":"https:\/\/www.losloquitos.com\/v3\/wp-json\/wp\/v2\/media?parent=7207"}],"wp:term":[{"taxonomy":"category","embeddable":true,"href":"https:\/\/www.losloquitos.com\/v3\/wp-json\/wp\/v2\/categories?post=7207"},{"taxonomy":"post_tag","embeddable":true,"href":"https:\/\/www.losloquitos.com\/v3\/wp-json\/wp\/v2\/tags?post=7207"}],"curies":[{"name":"wp","href":"https:\/\/api.w.org\/{rel}","templated":true}]}}