{"id":7281,"date":"2018-02-27T20:45:47","date_gmt":"2018-02-27T19:45:47","guid":{"rendered":"http:\/\/www.losloquitos.com\/v3\/?p=7281"},"modified":"2025-07-16T14:32:39","modified_gmt":"2025-07-16T12:32:39","slug":"soiree-salsa-bachata-united-23-mars-2018","status":"publish","type":"post","link":"https:\/\/www.losloquitos.com\/v3\/soiree-salsa-bachata-united-23-mars-2018\/","title":{"rendered":"Soir\u00e9e Salsa &#038; Bachata United &#8211; 23 mars 2018"},"content":{"rendered":"<p>Les associations Salsolyk&rsquo;s Dance Company &amp; Los Loquitos de la Salsa vous donnent rdv sur la piste pour un \u00e9v\u00e9nement 100% associatif Rennais vendredi 23 Mars 2018 !<\/p>\n<p><strong>Notre univers<\/strong><br \/>\n2 associations \u00e0 but non lucratif passionn\u00e9es de danses latines inscrites depuis plusieurs ann\u00e9es \u00e0 Rennes : Los Loquitos de la Salsa (17 ans) et Salsolyk&rsquo;s Dance Company (10 ans).<\/p>\n<p><strong>Notre souhait<\/strong><br \/>\nR\u00e9unir les danseurs rennaises et rennais passionn\u00e9s de Salsa &amp; Bachata : une envie commune et nostalgique de l&rsquo;\u00e9poque des soir\u00e9es Salsa rennaises o\u00f9 tout le monde se retrouvait sur la piste.<\/p>\n<p><strong>Nos valeurs\u00a0<\/strong><br \/>\nLa bonne humeur, le partage, la convivialit\u00e9 ! Venez vibrer aux sons des meilleurs sons Salsa &amp; Bachata !!!<\/p>\n<p><strong>Le programme<\/strong><span class=\"text_exposed_show\"><br \/>\nD\u00e8s 20h : Salsa Rueda Ambiance avec Hassane &amp; V\u00e9ro, nos invit\u00e9s. Quoi de mieux qu&rsquo;une bonne Rueda pour se mettre dans l&rsquo;ambiance \ud83d\ude09<\/span><\/p>\n<p>A partir de 22h et jusqu&rsquo;\u00e0 3h : Soir\u00e9e Salsa Porto &amp; Cubaine, Bachata avec un zeste de Merengue, Chacha, Kuduro, Kizomba, Zouk&#8230;<\/p>\n<p>Les animateurs des 2 associations seront l\u00e0 pour vous ambiancer : animations pendant la soir\u00e9e : Salsa Rueda, Soul train, Chacha en ligne, Kuduro&#8230; Grosse fiestaaaa assur\u00e9e !!!<\/p>\n<p>Entr\u00e9e : 8\u20ac<br \/>\nDress code : Rouge et Blanc<\/p>\n<p>L&rsquo;Espace Christian Le Maout est situ\u00e9 \u00e0 moins de 5 minutes de Rennes sur la commune de l&rsquo;Hermitage :<\/p>\n<p>&#8211; Une piste en parquet de 350m2 pour danser&#8230;<br \/>\n&#8211; Un espace accueil &amp; bar convivial.<\/p>\n<p><span style=\"text-decoration: underline;\">Pour vous y rendre<\/span> :<br \/>\n67 rue de Montfort 35590 L&rsquo;Hermitage<br \/>\nTel : 07 67 04 95 65<\/p>\n<p>Acc\u00e8s voiture : Parking de 150 places gratuites et facile d\u2019acc\u00e8s (Rocade Ouest, Sortie l&rsquo;Hermitage).<\/p>\n<p>Acc\u00e8s Bus :<br \/>\n&#8211; Prendre le bus 53 \u00e0 l&rsquo;arr\u00eat R\u00e9publique (Rennes) en direction de l&rsquo;Hermitage Centre. Dur\u00e9e : 25 min<\/p>\n","protected":false},"excerpt":{"rendered":"","protected":false},"author":15,"featured_media":7282,"comment_status":"closed","ping_status":"open","sticky":false,"template":"","format":"standard","meta":{"footnotes":""},"categories":[1],"tags":[],"class_list":["post-7281","post","type-post","status-publish","format-standard","has-post-thumbnail","hentry","category-non-classe"],"_links":{"self":[{"href":"https:\/\/www.losloquitos.com\/v3\/wp-json\/wp\/v2\/posts\/7281","targetHints":{"allow":["GET"]}}],"collection":[{"href":"https:\/\/www.losloquitos.com\/v3\/wp-json\/wp\/v2\/posts"}],"about":[{"href":"https:\/\/www.losloquitos.com\/v3\/wp-json\/wp\/v2\/types\/post"}],"author":[{"embeddable":true,"href":"https:\/\/www.losloquitos.com\/v3\/wp-json\/wp\/v2\/users\/15"}],"replies":[{"embeddable":true,"href":"https:\/\/www.losloquitos.com\/v3\/wp-json\/wp\/v2\/comments?post=7281"}],"version-history":[{"count":2,"href":"https:\/\/www.losloquitos.com\/v3\/wp-json\/wp\/v2\/posts\/7281\/revisions"}],"predecessor-version":[{"id":7284,"href":"https:\/\/www.losloquitos.com\/v3\/wp-json\/wp\/v2\/posts\/7281\/revisions\/7284"}],"wp:featuredmedia":[{"embeddable":true,"href":"https:\/\/www.losloquitos.com\/v3\/wp-json\/wp\/v2\/media\/7282"}],"wp:attachment":[{"href":"https:\/\/www.losloquitos.com\/v3\/wp-json\/wp\/v2\/media?parent=7281"}],"wp:term":[{"taxonomy":"category","embeddable":true,"href":"https:\/\/www.losloquitos.com\/v3\/wp-json\/wp\/v2\/categories?post=7281"},{"taxonomy":"post_tag","embeddable":true,"href":"https:\/\/www.losloquitos.com\/v3\/wp-json\/wp\/v2\/tags?post=7281"}],"curies":[{"name":"wp","href":"https:\/\/api.w.org\/{rel}","templated":true}]}}