{"id":7298,"date":"2018-05-01T20:06:42","date_gmt":"2018-05-01T18:06:42","guid":{"rendered":"http:\/\/www.losloquitos.com\/v3\/?p=7298"},"modified":"2025-07-16T14:32:22","modified_gmt":"2025-07-16T12:32:22","slug":"initiation-salsa-by-los-loquitos-de-salsa-samedi-26-mai-2018-a-15h-mjc-grand-cordel-rennes","status":"publish","type":"post","link":"https:\/\/www.losloquitos.com\/v3\/initiation-salsa-by-los-loquitos-de-salsa-samedi-26-mai-2018-a-15h-mjc-grand-cordel-rennes\/","title":{"rendered":"Initiation Salsa &#8211; Vendredi 15 juin 2018 \u00e0 21h15 &#8211; MJC Grand Cordel (Rennes)"},"content":{"rendered":"<p>Venez d\u00e9couvrir les rythmes endiabl\u00e9s de la salsa et vous initier \u00e0 cette danse.<\/p>\n<p>Initiation d&rsquo;1h gratuite et ouverte \u00e0 tous dans le cadre de la f\u00eate des ateliers de la MJC du Grand Cordel<\/p>\n<p><span style=\"color: #ff0000;\"><strong>le\u00a0vendredi 15 juin 2018 \u00e0\u00a021h15 \u00e0 la MJC du Grand Cordel, 18 rue des Plantes \u00e0 Rennes !!<\/strong><\/span><\/p>\n<p><span style=\"text-decoration: underline;\">+ d&rsquo;infos<\/span> : vous pouvez nous contacter par mail : contactloquitos@gmail.com<\/p>\n<p>&nbsp;<\/p>\n","protected":false},"excerpt":{"rendered":"","protected":false},"author":15,"featured_media":7308,"comment_status":"closed","ping_status":"open","sticky":false,"template":"","format":"standard","meta":{"footnotes":""},"categories":[1],"tags":[],"class_list":["post-7298","post","type-post","status-publish","format-standard","has-post-thumbnail","hentry","category-non-classe"],"_links":{"self":[{"href":"https:\/\/www.losloquitos.com\/v3\/wp-json\/wp\/v2\/posts\/7298","targetHints":{"allow":["GET"]}}],"collection":[{"href":"https:\/\/www.losloquitos.com\/v3\/wp-json\/wp\/v2\/posts"}],"about":[{"href":"https:\/\/www.losloquitos.com\/v3\/wp-json\/wp\/v2\/types\/post"}],"author":[{"embeddable":true,"href":"https:\/\/www.losloquitos.com\/v3\/wp-json\/wp\/v2\/users\/15"}],"replies":[{"embeddable":true,"href":"https:\/\/www.losloquitos.com\/v3\/wp-json\/wp\/v2\/comments?post=7298"}],"version-history":[{"count":4,"href":"https:\/\/www.losloquitos.com\/v3\/wp-json\/wp\/v2\/posts\/7298\/revisions"}],"predecessor-version":[{"id":7309,"href":"https:\/\/www.losloquitos.com\/v3\/wp-json\/wp\/v2\/posts\/7298\/revisions\/7309"}],"wp:featuredmedia":[{"embeddable":true,"href":"https:\/\/www.losloquitos.com\/v3\/wp-json\/wp\/v2\/media\/7308"}],"wp:attachment":[{"href":"https:\/\/www.losloquitos.com\/v3\/wp-json\/wp\/v2\/media?parent=7298"}],"wp:term":[{"taxonomy":"category","embeddable":true,"href":"https:\/\/www.losloquitos.com\/v3\/wp-json\/wp\/v2\/categories?post=7298"},{"taxonomy":"post_tag","embeddable":true,"href":"https:\/\/www.losloquitos.com\/v3\/wp-json\/wp\/v2\/tags?post=7298"}],"curies":[{"name":"wp","href":"https:\/\/api.w.org\/{rel}","templated":true}]}}